{"id":3545,"date":"2026-01-07T07:19:00","date_gmt":"2026-01-07T06:19:00","guid":{"rendered":"https:\/\/www.beniss.it\/?p=3545"},"modified":"2026-01-29T07:39:21","modified_gmt":"2026-01-29T06:39:21","slug":"19-marzo-festa-del-papa","status":"publish","type":"post","link":"https:\/\/www.beniss.it\/?p=3545","title":{"rendered":"Festa del Pap\u00e0 2026"},"content":{"rendered":"\n<p>Per la Festa del Pap\u00e0 abbiamo tante proposte per rendere speciale un piccolo momento in famiglia. <\/p>\n\n\n\n<h2 class=\"wp-block-heading\">Sabato 14 e 21 marzo FAMILY BRUNCH<\/h2>\n\n\n\n<h5 style=\"padding-top: 12px;\">Un brunch dolce e salato, servito al tavolo<\/h5>\n\n\n\n<figure class=\"wp-block-image size-full\"><img loading=\"lazy\" decoding=\"async\" width=\"500\" height=\"500\" src=\"https:\/\/www.beniss.it\/wp-content\/uploads\/2020\/04\/brunch-box.jpg\" alt=\"\" class=\"wp-image-1533\" srcset=\"https:\/\/www.beniss.it\/wp-content\/uploads\/2020\/04\/brunch-box.jpg 500w, https:\/\/www.beniss.it\/wp-content\/uploads\/2020\/04\/brunch-box-300x300.jpg 300w, https:\/\/www.beniss.it\/wp-content\/uploads\/2020\/04\/brunch-box-150x150.jpg 150w, https:\/\/www.beniss.it\/wp-content\/uploads\/2020\/04\/brunch-box-100x100.jpg 100w, https:\/\/www.beniss.it\/wp-content\/uploads\/2020\/04\/brunch-box-250x250.jpg 250w, https:\/\/www.beniss.it\/wp-content\/uploads\/2020\/04\/brunch-box-350x350.jpg 350w\" sizes=\"auto, (max-width: 500px) 100vw, 500px\" \/><figcaption class=\"wp-element-caption\">Brunch Box<\/figcaption><\/figure>\n\n\n\n<h4 class=\"wp-block-heading\">Family Brunch \u20ac 25,00<\/h4>\n\n\n\n<p>Caff\u00e8 americano<br>Orange juice<br>Pancakes con sciroppo d\u2019acero<br>Yogurt con frutta e cereali<br>Bacon &amp; Eggs<br>Ceasar&#8217;s Salad <br>Club Sandwich salmone e avocado<\/p>\n\n\n\n<!--more-->\n\n\n\n<h4 class=\"wp-block-heading\">Mini Brunch \u20ac 15,00<\/h4>\n\n\n\n<p>Caff\u00e8 americano<br>Orange juice<br>Bacon &amp; Eggs <br>Pancakes con sciroppo d\u2019acero<br>Yogurt con frutta e cereali<\/p>\n\n\n\n<h3 class=\"wp-block-heading\">Brunch con <strong>prenotazione <\/strong>obbligatoria 0362 930071<\/h3>\n\n\n\n<h2 class=\"wp-block-heading\">La torta del pap\u00e0<\/h2>\n\n\n\n<h5 style=\"padding-top: 12px;\">Prenota una torta speciale<\/h5>\n\n\n\n<p class=\"nota\">Le torte vanno ordinate entro 1 settimana<br>Ordina qui oppure telefona al bistr\u00f2 al n. 0362 930071, la prepareremo per te.<\/p>\n\n\n\n<h5 class=\"wp-block-heading\">Novit\u00e0<\/h5>\n\n\n\n<h2 class=\"wp-block-heading\">Card Ben\u00ecss prepagata<\/h2>\n\n\n\n<figure class=\"wp-block-image size-medium\"><img loading=\"lazy\" decoding=\"async\" width=\"300\" height=\"197\" src=\"https:\/\/www.beniss.it\/wp-content\/uploads\/2021\/03\/Biglietto-visita-3-fronte-300x197.jpg\" alt=\"Shopping card\" class=\"wp-image-3552\"\/><figcaption class=\"wp-element-caption\">Shopping card<\/figcaption><\/figure>\n\n\n\n<p>Il regalo ideale per ogni pap\u00e0<br>Tessera prepagata liberamente utilizzabile e <strong>ricaricabile<\/strong><br>Per caff\u00e8 &#8211; colazione &#8211; pranzo &#8211; aperitivi ed ogni altro acquisto<\/p>\n\n\n\n<h5 class=\"wp-block-heading\">Shopping <\/h5>\n\n\n\n<p>Sorprendi il tuo pap\u00e0 con un regalo Ben\u00ecss. Puoi sceglierlo qui online oppure al Bistr\u00f2, dove lo potrai personalizzare a piacere. <\/p>\n\n\n","protected":false},"excerpt":{"rendered":"<p>Per la Festa del Pap\u00e0 abbiamo tante proposte per rendere speciale un piccolo momento in famiglia. Sabato 14 e 21 marzo FAMILY BRUNCH Un brunch dolce e salato, servito al &hellip; <\/p>\n<p class=\"link-more\"><a href=\"https:\/\/www.beniss.it\/?p=3545\" class=\"more-link\">Leggi tutto<span class=\"screen-reader-text\"> &#8220;Festa del Pap\u00e0 2026&#8221;<\/span><\/a><\/p>\n","protected":false},"author":1,"featured_media":3573,"comment_status":"open","ping_status":"open","sticky":false,"template":"","format":"standard","meta":{"spay_email":"","footnotes":""},"categories":[96],"tags":[69],"class_list":["post-3545","post","type-post","status-publish","format-standard","has-post-thumbnail","hentry","category-categoria-eventi","tag-brunch"],"jetpack_featured_media_url":"https:\/\/www.beniss.it\/wp-content\/uploads\/2021\/03\/festa-del-pap\u00e0.jpg","_links":{"self":[{"href":"https:\/\/www.beniss.it\/index.php?rest_route=\/wp\/v2\/posts\/3545","targetHints":{"allow":["GET"]}}],"collection":[{"href":"https:\/\/www.beniss.it\/index.php?rest_route=\/wp\/v2\/posts"}],"about":[{"href":"https:\/\/www.beniss.it\/index.php?rest_route=\/wp\/v2\/types\/post"}],"author":[{"embeddable":true,"href":"https:\/\/www.beniss.it\/index.php?rest_route=\/wp\/v2\/users\/1"}],"replies":[{"embeddable":true,"href":"https:\/\/www.beniss.it\/index.php?rest_route=%2Fwp%2Fv2%2Fcomments&post=3545"}],"version-history":[{"count":31,"href":"https:\/\/www.beniss.it\/index.php?rest_route=\/wp\/v2\/posts\/3545\/revisions"}],"predecessor-version":[{"id":4875,"href":"https:\/\/www.beniss.it\/index.php?rest_route=\/wp\/v2\/posts\/3545\/revisions\/4875"}],"wp:featuredmedia":[{"embeddable":true,"href":"https:\/\/www.beniss.it\/index.php?rest_route=\/wp\/v2\/media\/3573"}],"wp:attachment":[{"href":"https:\/\/www.beniss.it\/index.php?rest_route=%2Fwp%2Fv2%2Fmedia&parent=3545"}],"wp:term":[{"taxonomy":"category","embeddable":true,"href":"https:\/\/www.beniss.it\/index.php?rest_route=%2Fwp%2Fv2%2Fcategories&post=3545"},{"taxonomy":"post_tag","embeddable":true,"href":"https:\/\/www.beniss.it\/index.php?rest_route=%2Fwp%2Fv2%2Ftags&post=3545"}],"curies":[{"name":"wp","href":"https:\/\/api.w.org\/{rel}","templated":true}]}}